{"id":5457,"date":"2022-03-22T13:47:13","date_gmt":"2022-03-22T12:47:13","guid":{"rendered":"https:\/\/www.huettemann-logistik.de\/huettemann-startet-hilftsaktionen\/"},"modified":"2022-05-20T12:00:24","modified_gmt":"2022-05-20T10:00:24","slug":"huettemann-startet-hilftsaktionen","status":"publish","type":"post","link":"https:\/\/www.huettemann-logistik.de\/nl\/huettemann-startet-hilftsaktionen\/","title":{"rendered":"Hulpacties voor Oekra\u00efne"},"content":{"rendered":"<div class=\"wpb-content-wrapper\"><p>[vc_row][vc_column][vc_column_text]<\/p>\n<h1 class=\"gdlr-blog-title\">Hulpacties voor Oekra\u00efne<\/h1>\n<p>[\/vc_column_text][\/vc_column][\/vc_row][vc_row][vc_column][vc_column_text]<\/p>\n<h3>De oorlog van Poetin is in ieders gedachten. Daarom hebben wij als bedrijf besloten om de getroffenen in Oekra\u00efne te helpen met een breed scala aan hulpacties:<\/h3>\n<p>[\/vc_column_text][\/vc_column][\/vc_row][vc_row][vc_column]        <style>\r\n            .innercontent {\r\n                padding: 30px;\r\n                margin: -60px 0 60px 60px;\r\n                background-color: #fff;\r\n                position: relative;\r\n                z-index: 5;\r\n            }\r\n\r\n            @media (min-width: 992px) {\r\n                .righttextcol .innercontent {\r\n                    padding: 50px;\r\n                    margin: 50px 0 0 -100px;\r\n                }\r\n\r\n                .lefttextcol .innercontent {\r\n                    padding: 50px;\r\n                    margin: 50px -100px 0 0px;\r\n                }\r\n\r\n                .righttextcol .innercontent {\r\n                    padding-right: 0\r\n                }\r\n\r\n                .lefttextcol .innercontent {\r\n                    padding-left: 0\r\n                }\r\n            }\r\n\r\n            .innercontent > p:first-child {\r\n                display: none\r\n            }\r\n\r\n\r\n        <\/style>\r\n        <div class=\"textbild\">\r\n            <div class=\"row gap justify-content-between\">\r\n                <div class=\"col-8 col-lg-6 order-0 leftcol order-lg-0 \">\r\n                    <img decoding=\"async\" width=\"768\" height=\"673\" src=\"https:\/\/www.huettemann-logistik.de\/wp-content\/uploads\/2022\/03\/003-e1647951629956-768x673.jpg\" class=\"attachment-medium size-medium\" alt=\"\" srcset=\"https:\/\/www.huettemann-logistik.de\/wp-content\/uploads\/2022\/03\/003-e1647951629956-768x673.jpg 768w, https:\/\/www.huettemann-logistik.de\/wp-content\/uploads\/2022\/03\/003-e1647951629956-1200x1052.jpg 1200w, https:\/\/www.huettemann-logistik.de\/wp-content\/uploads\/2022\/03\/003-e1647951629956-400x351.jpg 400w, https:\/\/www.huettemann-logistik.de\/wp-content\/uploads\/2022\/03\/003-e1647951629956-46x40.jpg 46w, https:\/\/www.huettemann-logistik.de\/wp-content\/uploads\/2022\/03\/003-e1647951629956-250x219.jpg 250w, https:\/\/www.huettemann-logistik.de\/wp-content\/uploads\/2022\/03\/003-e1647951629956-550x482.jpg 550w, https:\/\/www.huettemann-logistik.de\/wp-content\/uploads\/2022\/03\/003-e1647951629956.jpg 1440w\" sizes=\"100vw\" \/>                <\/div>\r\n                <div class=\"col-12 col-lg-6 order-1  righttextcol\">\r\n                    <div class=\"innercontent\">\r\n                        <\/p>\n<h3><span data-contrast=\"auto\" xml:lang=\"DE-DE\" lang=\"DE-DE\" class=\"TextRun SCXW29858701 BCX8\"><span class=\"NormalTextRun SCXW29858701 BCX8\">Rode Kruis<\/span><\/span><\/h3>\n<p><span>Aan het Rode Kruis schenken we om te beginnen een bedrag van 50.000 euro, dat bestemd is voor Oekra\u00efne. Na alle opties te hebben onderzocht en overwogen, is dit de effici\u00ebntste manier om de organisaties en mensen daar te ondersteunen.<\/span>                    <\/div>\r\n                <\/div>\r\n            <\/div>\r\n        <\/div>\r\n        [\/vc_column][\/vc_row][vc_row][vc_column]        <style>\r\n            .innercontent {\r\n                padding: 30px;\r\n                margin: -60px 0 60px 60px;\r\n                background-color: #fff;\r\n                position: relative;\r\n                z-index: 5;\r\n            }\r\n\r\n            @media (min-width: 992px) {\r\n                .righttextcol .innercontent {\r\n                    padding: 50px;\r\n                    margin: 50px 0 0 -100px;\r\n                }\r\n\r\n                .lefttextcol .innercontent {\r\n                    padding: 50px;\r\n                    margin: 50px -100px 0 0px;\r\n                }\r\n\r\n                .righttextcol .innercontent {\r\n                    padding-right: 0\r\n                }\r\n\r\n                .lefttextcol .innercontent {\r\n                    padding-left: 0\r\n                }\r\n            }\r\n\r\n            .innercontent > p:first-child {\r\n                display: none\r\n            }\r\n\r\n\r\n        <\/style>\r\n        <div class=\"textbild\">\r\n            <div class=\"row gap justify-content-between\">\r\n                <div class=\"col-8 col-lg-6 order-0  order-lg-2 \">\r\n                    <img decoding=\"async\" width=\"768\" height=\"768\" src=\"https:\/\/www.huettemann-logistik.de\/wp-content\/uploads\/2022\/03\/truck_Website_Ukraine-1-768x768.jpg\" class=\"attachment-medium size-medium\" alt=\"\" srcset=\"https:\/\/www.huettemann-logistik.de\/wp-content\/uploads\/2022\/03\/truck_Website_Ukraine-1-768x768.jpg 768w, https:\/\/www.huettemann-logistik.de\/wp-content\/uploads\/2022\/03\/truck_Website_Ukraine-1-400x400.jpg 400w, https:\/\/www.huettemann-logistik.de\/wp-content\/uploads\/2022\/03\/truck_Website_Ukraine-1-46x46.jpg 46w, https:\/\/www.huettemann-logistik.de\/wp-content\/uploads\/2022\/03\/truck_Website_Ukraine-1-250x250.jpg 250w, https:\/\/www.huettemann-logistik.de\/wp-content\/uploads\/2022\/03\/truck_Website_Ukraine-1-200x200.jpg 200w, https:\/\/www.huettemann-logistik.de\/wp-content\/uploads\/2022\/03\/truck_Website_Ukraine-1-550x550.jpg 550w, https:\/\/www.huettemann-logistik.de\/wp-content\/uploads\/2022\/03\/truck_Website_Ukraine-1-100x100.jpg 100w, https:\/\/www.huettemann-logistik.de\/wp-content\/uploads\/2022\/03\/truck_Website_Ukraine-1.jpg 1080w\" sizes=\"100vw\" \/>                <\/div>\r\n                <div class=\"col-12 col-lg-6 order-1  lefttextcol\">\r\n                    <div class=\"innercontent\">\r\n                        <\/p>\n<h3>Particulier initiatief<\/h3>\n<p><span>Directeur en eigenaar Klaus H\u00fcttemann heeft via een particulier initiatief essenti\u00eble goederen ingezameld, die door ons via Nederland naar Roemeni\u00eb worden vervoerd. De Huettemann Group heeft ook de dringend benodigde camouflagenetten ingekocht, die eveneens door ons via Roemeni\u00eb naar Oekra\u00efne worden gebracht.<\/span>                    <\/div>\r\n                <\/div>\r\n            <\/div>\r\n        <\/div>\r\n        [\/vc_column][\/vc_row][vc_row][vc_column]        <style>\r\n            .innercontent {\r\n                padding: 30px;\r\n                margin: -60px 0 60px 60px;\r\n                background-color: #fff;\r\n                position: relative;\r\n                z-index: 5;\r\n            }\r\n\r\n            @media (min-width: 992px) {\r\n                .righttextcol .innercontent {\r\n                    padding: 50px;\r\n                    margin: 50px 0 0 -100px;\r\n                }\r\n\r\n                .lefttextcol .innercontent {\r\n                    padding: 50px;\r\n                    margin: 50px -100px 0 0px;\r\n                }\r\n\r\n                .righttextcol .innercontent {\r\n                    padding-right: 0\r\n                }\r\n\r\n                .lefttextcol .innercontent {\r\n                    padding-left: 0\r\n                }\r\n            }\r\n\r\n            .innercontent > p:first-child {\r\n                display: none\r\n            }\r\n\r\n\r\n        <\/style>\r\n        <div class=\"textbild\">\r\n            <div class=\"row gap justify-content-between\">\r\n                <div class=\"col-8 col-lg-6 order-0 leftcol order-lg-0 \">\r\n                    <img decoding=\"async\" width=\"768\" height=\"578\" src=\"https:\/\/www.huettemann-logistik.de\/wp-content\/uploads\/2022\/03\/005-e1647952378421-768x578.jpg\" class=\"attachment-medium size-medium\" alt=\"\" srcset=\"https:\/\/www.huettemann-logistik.de\/wp-content\/uploads\/2022\/03\/005-e1647952378421-768x578.jpg 768w, https:\/\/www.huettemann-logistik.de\/wp-content\/uploads\/2022\/03\/005-e1647952378421-1200x903.jpg 1200w, https:\/\/www.huettemann-logistik.de\/wp-content\/uploads\/2022\/03\/005-e1647952378421-400x301.jpg 400w, https:\/\/www.huettemann-logistik.de\/wp-content\/uploads\/2022\/03\/005-e1647952378421-46x35.jpg 46w, https:\/\/www.huettemann-logistik.de\/wp-content\/uploads\/2022\/03\/005-e1647952378421-250x188.jpg 250w, https:\/\/www.huettemann-logistik.de\/wp-content\/uploads\/2022\/03\/005-e1647952378421-550x414.jpg 550w, https:\/\/www.huettemann-logistik.de\/wp-content\/uploads\/2022\/03\/005-e1647952378421.jpg 1440w\" sizes=\"100vw\" \/>                <\/div>\r\n                <div class=\"col-12 col-lg-6 order-1  righttextcol\">\r\n                    <div class=\"innercontent\">\r\n                        <\/p>\n<h3>Gesink Logistics levert pallets aan Oekra\u00efne<\/h3>\n<p><span>In onze eigen regio zijn Vera Simon en Wilma Hagelstein begin maart met hun expeditiebedrijf Vesta een inzamelingsactie begonnen om Oekra\u00efense burgers te steunen. We hebben ze geholpen met het vervoer van dozen en pallets met medicijnen, kleding, luiers, toiletpapier en een doos met kogelwerende vesten naar Oekra\u00efne. Over dit initiatief verscheen een artikel in de Gelderlander:\u00a0<\/span><a href=\"https:\/\/www.gelderlander.nl\/achterhoek\/delen-kogelvrije-vesten-vanuit-doetinchem-voor-de-vechtende-burgers-in-oekraine~ac6a75d5\/\" target=\"_blank\" rel=\"noopener noreferrer\">Delen kogelvrije vesten vanuit Doetinchem voor de vechtende burgers in Oekra\u00efne<\/a><span>.<\/span>                    <\/div>\r\n                <\/div>\r\n            <\/div>\r\n        <\/div>\r\n        [\/vc_column][\/vc_row][vc_row][vc_column][vc_column_text][\/vc_column_text][\/vc_column][\/vc_row][vc_row][vc_column][vc_column_text]<\/p>\n<h2>Onze eigen werknemers ervaren ook het leed<br \/>\nvan de Oekra\u00efners uit de eerste hand:<\/h2>\n<p>[\/vc_column_text][\/vc_column][\/vc_row][vc_row][vc_column]        <style>\r\n            .innercontent {\r\n                padding: 30px;\r\n                margin: -60px 0 60px 60px;\r\n                background-color: #fff;\r\n                position: relative;\r\n                z-index: 5;\r\n            }\r\n\r\n            @media (min-width: 992px) {\r\n                .righttextcol .innercontent {\r\n                    padding: 50px;\r\n                    margin: 50px 0 0 -100px;\r\n                }\r\n\r\n                .lefttextcol .innercontent {\r\n                    padding: 50px;\r\n                    margin: 50px -100px 0 0px;\r\n                }\r\n\r\n                .righttextcol .innercontent {\r\n                    padding-right: 0\r\n                }\r\n\r\n                .lefttextcol .innercontent {\r\n                    padding-left: 0\r\n                }\r\n            }\r\n\r\n            .innercontent > p:first-child {\r\n                display: none\r\n            }\r\n\r\n\r\n        <\/style>\r\n        <div class=\"textbild\">\r\n            <div class=\"row gap justify-content-between\">\r\n                <div class=\"col-8 col-lg-6 order-0  order-lg-2 \">\r\n                    <img decoding=\"async\" width=\"768\" height=\"691\" src=\"https:\/\/www.huettemann-logistik.de\/wp-content\/uploads\/2022\/03\/004-e1647952103817-768x691.jpg\" class=\"attachment-medium size-medium\" alt=\"\" srcset=\"https:\/\/www.huettemann-logistik.de\/wp-content\/uploads\/2022\/03\/004-e1647952103817-768x691.jpg 768w, https:\/\/www.huettemann-logistik.de\/wp-content\/uploads\/2022\/03\/004-e1647952103817-1200x1080.jpg 1200w, https:\/\/www.huettemann-logistik.de\/wp-content\/uploads\/2022\/03\/004-e1647952103817-400x360.jpg 400w, https:\/\/www.huettemann-logistik.de\/wp-content\/uploads\/2022\/03\/004-e1647952103817-46x41.jpg 46w, https:\/\/www.huettemann-logistik.de\/wp-content\/uploads\/2022\/03\/004-e1647952103817-250x225.jpg 250w, https:\/\/www.huettemann-logistik.de\/wp-content\/uploads\/2022\/03\/004-e1647952103817-550x495.jpg 550w, https:\/\/www.huettemann-logistik.de\/wp-content\/uploads\/2022\/03\/004-e1647952103817.jpg 1440w\" sizes=\"100vw\" \/>                <\/div>\r\n                <div class=\"col-12 col-lg-6 order-1  lefttextcol\">\r\n                    <div class=\"innercontent\">\r\n                        <\/p>\n<h3>Magazijnen direct aan de grens met Oekra\u00efne<\/h3>\n<p><span>Rabelink Logistics Romania hebben we twee warehouses op korte afstand van de grens met Oekra\u00efne. De hallen in Halmeu en Sighetu Marmatiei liggen tussen de 50 en 80 kilometer van onze vestiging in Cicarlau. Hier worden de medewerkers dagelijks geconfronteerd met het leed van de Oekra\u00efense vluchtelingen. Daarom is vanuit Rabelink Logistics Romania besloten om de mensen in Oekra\u00efne te helpen: dankzij een donatie van de Rotary Club Baia Mare worden ziekenhuisbedden vervoerd van Kassel naar Sighetu Marmatiei.<\/span>                    <\/div>\r\n                <\/div>\r\n            <\/div>\r\n        <\/div>\r\n        [\/vc_column][\/vc_row][vc_row][vc_column]        <style>\r\n            .innercontent {\r\n                padding: 30px;\r\n                margin: -60px 0 60px 60px;\r\n                background-color: #fff;\r\n                position: relative;\r\n                z-index: 5;\r\n            }\r\n\r\n            @media (min-width: 992px) {\r\n                .righttextcol .innercontent {\r\n                    padding: 50px;\r\n                    margin: 50px 0 0 -100px;\r\n                }\r\n\r\n                .lefttextcol .innercontent {\r\n                    padding: 50px;\r\n                    margin: 50px -100px 0 0px;\r\n                }\r\n\r\n                .righttextcol .innercontent {\r\n                    padding-right: 0\r\n                }\r\n\r\n                .lefttextcol .innercontent {\r\n                    padding-left: 0\r\n                }\r\n            }\r\n\r\n            .innercontent > p:first-child {\r\n                display: none\r\n            }\r\n\r\n\r\n        <\/style>\r\n        <div class=\"textbild\">\r\n            <div class=\"row gap justify-content-between\">\r\n                <div class=\"col-8 col-lg-6 order-0 leftcol order-lg-0 \">\r\n                    <img decoding=\"async\" width=\"768\" height=\"640\" src=\"https:\/\/www.huettemann-logistik.de\/wp-content\/uploads\/2022\/03\/006-e1647958950852-768x640.jpg\" class=\"attachment-medium size-medium\" alt=\"\" srcset=\"https:\/\/www.huettemann-logistik.de\/wp-content\/uploads\/2022\/03\/006-e1647958950852-768x640.jpg 768w, https:\/\/www.huettemann-logistik.de\/wp-content\/uploads\/2022\/03\/006-e1647958950852-1200x1000.jpg 1200w, https:\/\/www.huettemann-logistik.de\/wp-content\/uploads\/2022\/03\/006-e1647958950852-400x333.jpg 400w, https:\/\/www.huettemann-logistik.de\/wp-content\/uploads\/2022\/03\/006-e1647958950852-46x38.jpg 46w, https:\/\/www.huettemann-logistik.de\/wp-content\/uploads\/2022\/03\/006-e1647958950852-250x208.jpg 250w, https:\/\/www.huettemann-logistik.de\/wp-content\/uploads\/2022\/03\/006-e1647958950852-550x458.jpg 550w, https:\/\/www.huettemann-logistik.de\/wp-content\/uploads\/2022\/03\/006-e1647958950852.jpg 1440w\" sizes=\"100vw\" \/>                <\/div>\r\n                <div class=\"col-12 col-lg-6 order-1  righttextcol\">\r\n                    <div class=\"innercontent\">\r\n                        <\/p>\n<h3>Sorteren van donaties<\/h3>\n<p><span>Bovendien heeft onze Roemeense vestiging het Rode Kruis gratis opslag- en logistieke diensten aangeboden. Donaties uit heel Europa worden gesorteerd, op pallets geladen en later in voertuigen geladen en naar Oekra\u00efne getransporteerd. Al op 15 maart vertrok de eerste vrachtwagen met eten en dekens naar Kiev.<\/span>                    <\/div>\r\n                <\/div>\r\n            <\/div>\r\n        <\/div>\r\n        [\/vc_column][\/vc_row][vc_row][vc_column]        <style>\r\n            .innercontent {\r\n                padding: 30px;\r\n                margin: -60px 0 60px 60px;\r\n                background-color: #fff;\r\n                position: relative;\r\n                z-index: 5;\r\n            }\r\n\r\n            @media (min-width: 992px) {\r\n                .righttextcol .innercontent {\r\n                    padding: 50px;\r\n                    margin: 50px 0 0 -100px;\r\n                }\r\n\r\n                .lefttextcol .innercontent {\r\n                    padding: 50px;\r\n                    margin: 50px -100px 0 0px;\r\n                }\r\n\r\n                .righttextcol .innercontent {\r\n                    padding-right: 0\r\n                }\r\n\r\n                .lefttextcol .innercontent {\r\n                    padding-left: 0\r\n                }\r\n            }\r\n\r\n            .innercontent > p:first-child {\r\n                display: none\r\n            }\r\n\r\n\r\n        <\/style>\r\n        <div class=\"textbild\">\r\n            <div class=\"row gap justify-content-between\">\r\n                <div class=\"col-8 col-lg-6 order-0  order-lg-2 \">\r\n                    <img decoding=\"async\" width=\"768\" height=\"722\" src=\"https:\/\/www.huettemann-logistik.de\/wp-content\/uploads\/2022\/03\/001-e1647952353684-768x722.jpg\" class=\"attachment-medium size-medium\" alt=\"\" srcset=\"https:\/\/www.huettemann-logistik.de\/wp-content\/uploads\/2022\/03\/001-e1647952353684-768x722.jpg 768w, https:\/\/www.huettemann-logistik.de\/wp-content\/uploads\/2022\/03\/001-e1647952353684-1200x1128.jpg 1200w, https:\/\/www.huettemann-logistik.de\/wp-content\/uploads\/2022\/03\/001-e1647952353684-400x376.jpg 400w, https:\/\/www.huettemann-logistik.de\/wp-content\/uploads\/2022\/03\/001-e1647952353684-46x43.jpg 46w, https:\/\/www.huettemann-logistik.de\/wp-content\/uploads\/2022\/03\/001-e1647952353684-250x235.jpg 250w, https:\/\/www.huettemann-logistik.de\/wp-content\/uploads\/2022\/03\/001-e1647952353684-550x517.jpg 550w, https:\/\/www.huettemann-logistik.de\/wp-content\/uploads\/2022\/03\/001-e1647952353684.jpg 1440w\" sizes=\"100vw\" \/>                <\/div>\r\n                <div class=\"col-12 col-lg-6 order-1  lefttextcol\">\r\n                    <div class=\"innercontent\">\r\n                        <\/p>\n<h3>Vrijwilligerswerk<\/h3>\n<p><span>Vijf van onze medewerkers brengen hun weekenden bovendien door met het sorteren van drie volle vrachtwagens met donaties, samen met vrijwilligers van het Roemeense Rode Kruis. Naast het vrijwilligerswerk doneert Rabelink Logistics Romania ook nog zo\u2019n 5000 euro aan een stichting.<\/span>                    <\/div>\r\n                <\/div>\r\n            <\/div>\r\n        <\/div>\r\n        [\/vc_column][\/vc_row]<\/p>\n<\/div>","protected":false},"excerpt":{"rendered":"<p>[vc_row][vc_column][vc_column_text] Hulpacties voor Oekra\u00efne [\/vc_column_text][\/vc_column][\/vc_row][vc_row][vc_column][vc_column_text] De oorlog van Poetin is in ieders gedachten. Daarom hebben wij als bedrijf besloten om<\/p>\n","protected":false},"author":5,"featured_media":7482,"comment_status":"closed","ping_status":"closed","sticky":false,"template":"","format":"standard","meta":{"_acf_changed":false,"inline_featured_image":false,"footnotes":""},"categories":[199],"tags":[],"class_list":["post-5457","post","type-post","status-publish","format-standard","has-post-thumbnail","hentry","category-magazine"],"acf":[],"yoast_head":"<!-- This site is optimized with the Yoast SEO plugin v27.4 - https:\/\/yoast.com\/product\/yoast-seo-wordpress\/ -->\n<title>Hulpacties voor Oekra\u00efne - HUETTEMANN Group<\/title>\n<meta name=\"description\" content=\"Als bedrijf hebben wij besloten de getroffenen in Oekra\u00efne te helpen met een groot aantal hulpacties.\" \/>\n<meta name=\"robots\" content=\"index, follow, max-snippet:-1, max-image-preview:large, max-video-preview:-1\" \/>\n<link rel=\"canonical\" href=\"https:\/\/www.huettemann-logistik.de\/nl\/huettemann-startet-hilftsaktionen\/\" \/>\n<meta property=\"og:locale\" content=\"nl_NL\" \/>\n<meta property=\"og:type\" content=\"article\" \/>\n<meta property=\"og:title\" content=\"Hulpacties voor Oekra\u00efne - HUETTEMANN Group\" \/>\n<meta property=\"og:description\" content=\"Als bedrijf hebben wij besloten de getroffenen in Oekra\u00efne te helpen met een groot aantal hulpacties.\" \/>\n<meta property=\"og:url\" content=\"https:\/\/www.huettemann-logistik.de\/nl\/huettemann-startet-hilftsaktionen\/\" \/>\n<meta property=\"og:site_name\" content=\"HUETTEMANN Group\" \/>\n<meta property=\"article:published_time\" content=\"2022-03-22T12:47:13+00:00\" \/>\n<meta property=\"article:modified_time\" content=\"2022-05-20T10:00:24+00:00\" \/>\n<meta name=\"author\" content=\"anna\" \/>\n<meta name=\"twitter:card\" content=\"summary_large_image\" \/>\n<meta name=\"twitter:label1\" content=\"Geschreven door\" \/>\n\t<meta name=\"twitter:data1\" content=\"anna\" \/>\n\t<meta name=\"twitter:label2\" content=\"Geschatte leestijd\" \/>\n\t<meta name=\"twitter:data2\" content=\"3 minuten\" \/>\n<script type=\"application\/ld+json\" class=\"yoast-schema-graph\">{\"@context\":\"https:\\\/\\\/schema.org\",\"@graph\":[{\"@type\":\"Article\",\"@id\":\"https:\\\/\\\/www.huettemann-logistik.de\\\/nl\\\/huettemann-startet-hilftsaktionen\\\/#article\",\"isPartOf\":{\"@id\":\"https:\\\/\\\/www.huettemann-logistik.de\\\/nl\\\/huettemann-startet-hilftsaktionen\\\/\"},\"author\":{\"name\":\"anna\",\"@id\":\"https:\\\/\\\/www.huettemann-logistik.de\\\/nl\\\/#\\\/schema\\\/person\\\/c005c4b74cda28d304c2e7dec0731a19\"},\"headline\":\"Hulpacties voor Oekra\u00efne\",\"datePublished\":\"2022-03-22T12:47:13+00:00\",\"dateModified\":\"2022-05-20T10:00:24+00:00\",\"mainEntityOfPage\":{\"@id\":\"https:\\\/\\\/www.huettemann-logistik.de\\\/nl\\\/huettemann-startet-hilftsaktionen\\\/\"},\"wordCount\":543,\"image\":{\"@id\":\"https:\\\/\\\/www.huettemann-logistik.de\\\/nl\\\/huettemann-startet-hilftsaktionen\\\/#primaryimage\"},\"thumbnailUrl\":\"https:\\\/\\\/www.huettemann-logistik.de\\\/wp-content\\\/uploads\\\/2022\\\/03\\\/2023_Magazinbeitrag_Huettemann_Huettemann-startet-Hilftsaktionen_525x350.jpg\",\"articleSection\":[\"Magazine\"],\"inLanguage\":\"nl-NL\"},{\"@type\":\"WebPage\",\"@id\":\"https:\\\/\\\/www.huettemann-logistik.de\\\/nl\\\/huettemann-startet-hilftsaktionen\\\/\",\"url\":\"https:\\\/\\\/www.huettemann-logistik.de\\\/nl\\\/huettemann-startet-hilftsaktionen\\\/\",\"name\":\"Hulpacties voor Oekra\u00efne - HUETTEMANN Group\",\"isPartOf\":{\"@id\":\"https:\\\/\\\/www.huettemann-logistik.de\\\/nl\\\/#website\"},\"primaryImageOfPage\":{\"@id\":\"https:\\\/\\\/www.huettemann-logistik.de\\\/nl\\\/huettemann-startet-hilftsaktionen\\\/#primaryimage\"},\"image\":{\"@id\":\"https:\\\/\\\/www.huettemann-logistik.de\\\/nl\\\/huettemann-startet-hilftsaktionen\\\/#primaryimage\"},\"thumbnailUrl\":\"https:\\\/\\\/www.huettemann-logistik.de\\\/wp-content\\\/uploads\\\/2022\\\/03\\\/2023_Magazinbeitrag_Huettemann_Huettemann-startet-Hilftsaktionen_525x350.jpg\",\"datePublished\":\"2022-03-22T12:47:13+00:00\",\"dateModified\":\"2022-05-20T10:00:24+00:00\",\"author\":{\"@id\":\"https:\\\/\\\/www.huettemann-logistik.de\\\/nl\\\/#\\\/schema\\\/person\\\/c005c4b74cda28d304c2e7dec0731a19\"},\"description\":\"Als bedrijf hebben wij besloten de getroffenen in Oekra\u00efne te helpen met een groot aantal hulpacties.\",\"breadcrumb\":{\"@id\":\"https:\\\/\\\/www.huettemann-logistik.de\\\/nl\\\/huettemann-startet-hilftsaktionen\\\/#breadcrumb\"},\"inLanguage\":\"nl-NL\",\"potentialAction\":[{\"@type\":\"ReadAction\",\"target\":[\"https:\\\/\\\/www.huettemann-logistik.de\\\/nl\\\/huettemann-startet-hilftsaktionen\\\/\"]}]},{\"@type\":\"ImageObject\",\"inLanguage\":\"nl-NL\",\"@id\":\"https:\\\/\\\/www.huettemann-logistik.de\\\/nl\\\/huettemann-startet-hilftsaktionen\\\/#primaryimage\",\"url\":\"https:\\\/\\\/www.huettemann-logistik.de\\\/wp-content\\\/uploads\\\/2022\\\/03\\\/2023_Magazinbeitrag_Huettemann_Huettemann-startet-Hilftsaktionen_525x350.jpg\",\"contentUrl\":\"https:\\\/\\\/www.huettemann-logistik.de\\\/wp-content\\\/uploads\\\/2022\\\/03\\\/2023_Magazinbeitrag_Huettemann_Huettemann-startet-Hilftsaktionen_525x350.jpg\",\"width\":525,\"height\":350,\"caption\":\"Huettemann startet Hilftsaktionen\"},{\"@type\":\"BreadcrumbList\",\"@id\":\"https:\\\/\\\/www.huettemann-logistik.de\\\/nl\\\/huettemann-startet-hilftsaktionen\\\/#breadcrumb\",\"itemListElement\":[{\"@type\":\"ListItem\",\"position\":1,\"name\":\"Home\",\"item\":\"https:\\\/\\\/www.huettemann-logistik.de\\\/nl\\\/\"},{\"@type\":\"ListItem\",\"position\":2,\"name\":\"Magazine\",\"item\":\"https:\\\/\\\/www.huettemann-logistik.de\\\/nl\\\/magazine\\\/\"},{\"@type\":\"ListItem\",\"position\":3,\"name\":\"Hulpacties voor Oekra\u00efne\"}]},{\"@type\":\"WebSite\",\"@id\":\"https:\\\/\\\/www.huettemann-logistik.de\\\/nl\\\/#website\",\"url\":\"https:\\\/\\\/www.huettemann-logistik.de\\\/nl\\\/\",\"name\":\"HUETTEMANN Group\",\"description\":\"Spedition, Transport, Lagerung, Fulfillment, Verzollung, Seefracht, ecommerce und Onlineshops - Logistics and More\",\"potentialAction\":[{\"@type\":\"SearchAction\",\"target\":{\"@type\":\"EntryPoint\",\"urlTemplate\":\"https:\\\/\\\/www.huettemann-logistik.de\\\/nl\\\/?s={search_term_string}\"},\"query-input\":{\"@type\":\"PropertyValueSpecification\",\"valueRequired\":true,\"valueName\":\"search_term_string\"}}],\"inLanguage\":\"nl-NL\"},{\"@type\":\"Person\",\"@id\":\"https:\\\/\\\/www.huettemann-logistik.de\\\/nl\\\/#\\\/schema\\\/person\\\/c005c4b74cda28d304c2e7dec0731a19\",\"name\":\"anna\"}]}<\/script>\n<!-- \/ Yoast SEO plugin. -->","yoast_head_json":{"title":"Hulpacties voor Oekra\u00efne - HUETTEMANN Group","description":"Als bedrijf hebben wij besloten de getroffenen in Oekra\u00efne te helpen met een groot aantal hulpacties.","robots":{"index":"index","follow":"follow","max-snippet":"max-snippet:-1","max-image-preview":"max-image-preview:large","max-video-preview":"max-video-preview:-1"},"canonical":"https:\/\/www.huettemann-logistik.de\/nl\/huettemann-startet-hilftsaktionen\/","og_locale":"nl_NL","og_type":"article","og_title":"Hulpacties voor Oekra\u00efne - HUETTEMANN Group","og_description":"Als bedrijf hebben wij besloten de getroffenen in Oekra\u00efne te helpen met een groot aantal hulpacties.","og_url":"https:\/\/www.huettemann-logistik.de\/nl\/huettemann-startet-hilftsaktionen\/","og_site_name":"HUETTEMANN Group","article_published_time":"2022-03-22T12:47:13+00:00","article_modified_time":"2022-05-20T10:00:24+00:00","author":"anna","twitter_card":"summary_large_image","twitter_misc":{"Geschreven door":"anna","Geschatte leestijd":"3 minuten"},"schema":{"@context":"https:\/\/schema.org","@graph":[{"@type":"Article","@id":"https:\/\/www.huettemann-logistik.de\/nl\/huettemann-startet-hilftsaktionen\/#article","isPartOf":{"@id":"https:\/\/www.huettemann-logistik.de\/nl\/huettemann-startet-hilftsaktionen\/"},"author":{"name":"anna","@id":"https:\/\/www.huettemann-logistik.de\/nl\/#\/schema\/person\/c005c4b74cda28d304c2e7dec0731a19"},"headline":"Hulpacties voor Oekra\u00efne","datePublished":"2022-03-22T12:47:13+00:00","dateModified":"2022-05-20T10:00:24+00:00","mainEntityOfPage":{"@id":"https:\/\/www.huettemann-logistik.de\/nl\/huettemann-startet-hilftsaktionen\/"},"wordCount":543,"image":{"@id":"https:\/\/www.huettemann-logistik.de\/nl\/huettemann-startet-hilftsaktionen\/#primaryimage"},"thumbnailUrl":"https:\/\/www.huettemann-logistik.de\/wp-content\/uploads\/2022\/03\/2023_Magazinbeitrag_Huettemann_Huettemann-startet-Hilftsaktionen_525x350.jpg","articleSection":["Magazine"],"inLanguage":"nl-NL"},{"@type":"WebPage","@id":"https:\/\/www.huettemann-logistik.de\/nl\/huettemann-startet-hilftsaktionen\/","url":"https:\/\/www.huettemann-logistik.de\/nl\/huettemann-startet-hilftsaktionen\/","name":"Hulpacties voor Oekra\u00efne - HUETTEMANN Group","isPartOf":{"@id":"https:\/\/www.huettemann-logistik.de\/nl\/#website"},"primaryImageOfPage":{"@id":"https:\/\/www.huettemann-logistik.de\/nl\/huettemann-startet-hilftsaktionen\/#primaryimage"},"image":{"@id":"https:\/\/www.huettemann-logistik.de\/nl\/huettemann-startet-hilftsaktionen\/#primaryimage"},"thumbnailUrl":"https:\/\/www.huettemann-logistik.de\/wp-content\/uploads\/2022\/03\/2023_Magazinbeitrag_Huettemann_Huettemann-startet-Hilftsaktionen_525x350.jpg","datePublished":"2022-03-22T12:47:13+00:00","dateModified":"2022-05-20T10:00:24+00:00","author":{"@id":"https:\/\/www.huettemann-logistik.de\/nl\/#\/schema\/person\/c005c4b74cda28d304c2e7dec0731a19"},"description":"Als bedrijf hebben wij besloten de getroffenen in Oekra\u00efne te helpen met een groot aantal hulpacties.","breadcrumb":{"@id":"https:\/\/www.huettemann-logistik.de\/nl\/huettemann-startet-hilftsaktionen\/#breadcrumb"},"inLanguage":"nl-NL","potentialAction":[{"@type":"ReadAction","target":["https:\/\/www.huettemann-logistik.de\/nl\/huettemann-startet-hilftsaktionen\/"]}]},{"@type":"ImageObject","inLanguage":"nl-NL","@id":"https:\/\/www.huettemann-logistik.de\/nl\/huettemann-startet-hilftsaktionen\/#primaryimage","url":"https:\/\/www.huettemann-logistik.de\/wp-content\/uploads\/2022\/03\/2023_Magazinbeitrag_Huettemann_Huettemann-startet-Hilftsaktionen_525x350.jpg","contentUrl":"https:\/\/www.huettemann-logistik.de\/wp-content\/uploads\/2022\/03\/2023_Magazinbeitrag_Huettemann_Huettemann-startet-Hilftsaktionen_525x350.jpg","width":525,"height":350,"caption":"Huettemann startet Hilftsaktionen"},{"@type":"BreadcrumbList","@id":"https:\/\/www.huettemann-logistik.de\/nl\/huettemann-startet-hilftsaktionen\/#breadcrumb","itemListElement":[{"@type":"ListItem","position":1,"name":"Home","item":"https:\/\/www.huettemann-logistik.de\/nl\/"},{"@type":"ListItem","position":2,"name":"Magazine","item":"https:\/\/www.huettemann-logistik.de\/nl\/magazine\/"},{"@type":"ListItem","position":3,"name":"Hulpacties voor Oekra\u00efne"}]},{"@type":"WebSite","@id":"https:\/\/www.huettemann-logistik.de\/nl\/#website","url":"https:\/\/www.huettemann-logistik.de\/nl\/","name":"HUETTEMANN Group","description":"Spedition, Transport, Lagerung, Fulfillment, Verzollung, Seefracht, ecommerce und Onlineshops - Logistics and More","potentialAction":[{"@type":"SearchAction","target":{"@type":"EntryPoint","urlTemplate":"https:\/\/www.huettemann-logistik.de\/nl\/?s={search_term_string}"},"query-input":{"@type":"PropertyValueSpecification","valueRequired":true,"valueName":"search_term_string"}}],"inLanguage":"nl-NL"},{"@type":"Person","@id":"https:\/\/www.huettemann-logistik.de\/nl\/#\/schema\/person\/c005c4b74cda28d304c2e7dec0731a19","name":"anna"}]}},"_links":{"self":[{"href":"https:\/\/www.huettemann-logistik.de\/nl\/wp-json\/wp\/v2\/posts\/5457","targetHints":{"allow":["GET"]}}],"collection":[{"href":"https:\/\/www.huettemann-logistik.de\/nl\/wp-json\/wp\/v2\/posts"}],"about":[{"href":"https:\/\/www.huettemann-logistik.de\/nl\/wp-json\/wp\/v2\/types\/post"}],"author":[{"embeddable":true,"href":"https:\/\/www.huettemann-logistik.de\/nl\/wp-json\/wp\/v2\/users\/5"}],"replies":[{"embeddable":true,"href":"https:\/\/www.huettemann-logistik.de\/nl\/wp-json\/wp\/v2\/comments?post=5457"}],"version-history":[{"count":4,"href":"https:\/\/www.huettemann-logistik.de\/nl\/wp-json\/wp\/v2\/posts\/5457\/revisions"}],"predecessor-version":[{"id":5468,"href":"https:\/\/www.huettemann-logistik.de\/nl\/wp-json\/wp\/v2\/posts\/5457\/revisions\/5468"}],"wp:featuredmedia":[{"embeddable":true,"href":"https:\/\/www.huettemann-logistik.de\/nl\/wp-json\/wp\/v2\/media\/7482"}],"wp:attachment":[{"href":"https:\/\/www.huettemann-logistik.de\/nl\/wp-json\/wp\/v2\/media?parent=5457"}],"wp:term":[{"taxonomy":"category","embeddable":true,"href":"https:\/\/www.huettemann-logistik.de\/nl\/wp-json\/wp\/v2\/categories?post=5457"},{"taxonomy":"post_tag","embeddable":true,"href":"https:\/\/www.huettemann-logistik.de\/nl\/wp-json\/wp\/v2\/tags?post=5457"}],"curies":[{"name":"wp","href":"https:\/\/api.w.org\/{rel}","templated":true}]}}